{"id":53649,"date":"2009-05-09T19:11:37","date_gmt":"2009-05-09T18:11:37","guid":{"rendered":"https:\/\/alexandra-exter.net\/alexandra-exter-ausstellung-in-frankreich-beschlagnahmt\/"},"modified":"2020-03-15T21:58:22","modified_gmt":"2020-03-15T20:58:22","slug":"alexandra-exter-ausstellung-in-frankreich-beschlagnahmt","status":"publish","type":"post","link":"https:\/\/alexandra-exter.net\/ru\/alexandra-exter-ausstellung-in-frankreich-beschlagnahmt\/","title":{"rendered":"Alexandra Exter-Ausstellung in Frankreich beschlagnahmt"},"content":{"rendered":"\n<div class=\"wp-block-columns is-layout-flex wp-container-core-columns-is-layout-9d6595d7 wp-block-columns-is-layout-flex\">\n<div class=\"wp-block-column is-layout-flow wp-block-column-is-layout-flow\" style=\"flex-basis:50%\">\n<p><em>Les faux sont si r\u00e9pandus qu&#8217;il devient difficile pour des non-sp\u00e9cialistes de discerner le style original de l&#8217;artiste.<br>La preuve en est ce faux Exter qui illustre un article paru sur www.artnet.de<br>Prix estim\u00e9&nbsp;: 120&nbsp;000 \u00e0 140&nbsp;000&nbsp;\u20ac<\/em><\/p>\n<\/div>\n\n\n\n<div class=\"wp-block-column is-layout-flow wp-block-column-is-layout-flow\" style=\"flex-basis:50%\">\n<div class=\"wp-block-image\"><figure class=\"aligncenter size-full\"><img decoding=\"async\" width=\"175\" height=\"245\" src=\"https:\/\/alexandra-exter.net\/wp-content\/uploads\/sites\/2\/2009\/06\/kobel.jpg\" alt=\"\" class=\"wp-image-102\"\/><\/figure><\/div>\n\n\n<\/div>\n<\/div>\n\n\n\n<p class=\"titlelarge\"><strong><br>EXPERTEN UNTER SCHMUDDELVERDACHT<\/strong><br>STEFAN KOBEL<\/p>\n\n\n\n<p><strong>9. Mai 2009 <\/strong><\/p>\n\n\n\n<p>F\u00e4lschungsverd\u00e4chtige Gem\u00e4lde der russischen Avantgarde machen nicht nur den Kunstmarkt unsicher. Je enger der Kunsthandel und der Ausstellungsbetrieb zusammenr\u00fccken, desto unvermittelter treffen Marktmanipulationen auch unverd\u00e4chtige Institutionen. Zuletzt wurde dies im westfranz\u00f6sischen Tours sichtbar, als die Ausstellung \u201eAlexandra Exter et ses amis russes\u201c von der Polizei geschlossen wurde. Mitte M\u00e4rz wurde ein Gro\u00dfteil der Exponate von der Ausstellungswand herunter beschlagnahmt. Bei den rund 190 Gem\u00e4lden von Exter und 80 Arbeiten weiterer russischer Avantgarde-K\u00fcnstler soll es sich weitgehend um F\u00e4lschungen handeln. Der als Autorit\u00e4t geltende Experte Andr\u00e9i Nakov hatte die Beh\u00f6rden auf die fragw\u00fcrdige Ausstellung im Ch\u00e2teau Royal aufmerksam gemacht. Organisiert hatte die Schau der ehemalige Galerist Jean Chauvelin, der in den vergangenen Jahren zusammen mit Denise Bazetoux, Nadia Filatoff und anderen als Experte f\u00fcr Exter und weitere russische K\u00fcnstler aufgetreten war. 130 der in Tours ausgestellten Exter-Gem\u00e4lde stammen aus dem Besitz von Chauvelin, der sie vor 30 bis 40 Jahren in Russland gekauft haben will. H\u00e4tte Nakov Recht, w\u00e4ren sie fast ausnahmslos F\u00e4lschungen.<\/p>\n\n\n\n<p>In den letzten Jahren waren besonders auf dem deutschen Auktionsmarkt vermehrt Bilder der russischen Avantgarde aufgetaucht, deren Echtheit unter anderen Chauvelin best\u00e4tigt hatte. Er hatte 2007 auch die Gr\u00fcndung eines \u201eInternational Committee of Russian Modernism\u201c betrieben, einer privaten Non-Profit-Organisation, deren Ziel es h\u00e4tte sein sollen, \u201eeinem gestiegenen Bedarf nach einer koh\u00e4renten und vereinigten Ann\u00e4herung an die russische Moderne\u201c nachzukommen, wie es damals in einer Pressemitteilung hie\u00df. Demnach sollten der Vereinigung neben Chauvelin, Bazetoux und Filatoff Pers\u00f6nlichkeiten sehr unterschiedlicher Couleur angeh\u00f6ren, darunter durchaus auch Experten von eigenen Gnaden. Auf der Liste finden sich Irina Azizyan, Hermann Berninger, Sylvaine Brans, Svetlana Dzhafarova, Nina Gourianova, Ariane Hofstetter, Eberhard J\u00e4gers, Maria Kokkori, John Milner und Anthony Parton sowie Jacques Sayag als Generalsekret\u00e4r. Doch zur Gr\u00fcndung scheint es nie gekommen zu sein. Eberhard J\u00e4gers, der zusammen mit seiner Frau Elisabeth in Bornheim das Mikroanalytische Labor J\u00e4gers betreibt, teilte seinerzeit mit, er sei ohne seine Zustimmung in das Mitgliederverzeichnis gelangt.<\/p>\n\n\n\n<p>Nicht lange nach den Komitee-Gr\u00fcndungsbem\u00fchungen \u00fcberschwemmte eine Flut von Arbeiten russischer Avantgardisten die deutschen Auktionsh\u00e4user. Werke von Natalia Goncharowa, Alexandra Exter, Natan Isaevich Altman, Ivan Kliun und anderen wurden in gro\u00dfen Mengen im ganzen Land eingeliefert \u2013 vor allem bei Nagel in Stuttgart sowie Ketterer und Hampel in M\u00fcnchen. Andere H\u00e4user wurden mit \u00e4hnlichen Konvoluten begl\u00fcckt, lehnten jedoch ab &#8212; darunter Lempertz, Van Ham und Villa Grisebach. Gemeinsam war vielen Gem\u00e4lden und Aquarellen die Vielzahl an Gutachten, mit denen die einzelnen Werke ausgestattet waren. Die Namen Prof. Dr. Elisabeth J\u00e4gers und Dr. Eberhard J\u00e4gers, Nadia Filatoff, Jaques Sayag, Jean Chauvelin, Denise Basetoux und Ariane M. Hofstetter tauchten dabei geh\u00e4uft auf. Das Institut J\u00e4gers stellte materialtechnische Untersuchungen an. Die Gutachten endeten in der Regel mit S\u00e4tzen wie: &#171;Somit sprechen die Ergebnisse nicht gegen eine Zuordnung.&#187; Vereinzelt wurde vermerkt: &#171;Die Oberfl\u00e4che wirkt erstaunlich frisch.&#187; Das stimmte tats\u00e4chlich. Die Gem\u00e4lde machen trotz der m\u00e4\u00dfigen Qualit\u00e4t der Leinw\u00e4nde und fehlendem Firnis einen sehr jugendlichen Eindruck.<\/p>\n\n\n\n<p>Die in den Katalogen angegebenen Provenienzen waren dabei mitunter so illuster wie abenteuerlich, verzeichneten jedoch praktisch keine Ausstellungsgeschichte. Erstaunen musste dabei, dass diese scheinbaren Hochkar\u00e4ter ausgerechnet in Deutschland angeboten wurden, erzielten Sotheby&#8217;s und Christie&#8217;s doch erkennbar h\u00f6here Preise f\u00fcr Werke der russischen Avantgarde. Die Auktionen verliefen so obskur, wie es ihre Lose erwarten lie\u00dfen, mit massenhaften R\u00fcckg\u00e4ngen, mutma\u00dflichen Scheingeboten und unstimmigen Ergebnislisten. Nachdem einige der Objekte mehrere Versteigerungsorte gesehen hatten, verschwanden sie vom Markt. Bei Ketter hat man inzwischen die Konsequenzen gezogen und nimmt nach eigenen Angaben \u00fcberhaupt keine Arbeiten von Gontscharowa mehr an.<\/p>\n\n\n\n<p>Die aktuelle Beschlagnahmung der Exponate aus dem Besitz Chauvelins \u2013 und auch des Ausstellungskataloges \u2013 scheint vorerst einen Schlusspunkt zu setzen. Eine f\u00fcr Au\u00dfenstehende kaum zu durchschauende Kette seltsamer Zuf\u00e4lle und Unstimmigkeiten im Bereich der russischen Avantgarde-Kunst findet damit ein Ende. Allerdings ist Chauvelin nicht der einzige, der Pech mit seiner Ausstellung hat. Bereits 1988 war Andreij Nakov, der den Stein jetzt mit einer Publikation ins Rollen gebracht hatte, in der Schweiz aufgefallen, als in einer von ihm organisierten Ausstellung die Echtheit von Werken Mikhail Larionovs angezweifelt wurde, die er selbst attestiert hatte.<\/p>\n\n\n\n<p>Stefan Kobel<\/p>","protected":false},"excerpt":{"rendered":"<p>Les faux sont si r\u00e9pandus qu&#8217;il devient difficile pour des non-sp\u00e9cialistes de discerner le style original de l&#8217;artiste.La preuve en est ce faux Exter qui illustre un article paru sur www.artnet.dePrix estim\u00e9&nbsp;: 120&nbsp;000 \u00e0 140&nbsp;000&nbsp;\u20ac EXPERTEN UNTER SCHMUDDELVERDACHTSTEFAN KOBEL 9. Mai 2009 F\u00e4lschungsverd\u00e4chtige Gem\u00e4lde der russischen Avantgarde machen nicht nur den Kunstmarkt unsicher. Je enger [&hellip;]<\/p>","protected":false},"author":2,"featured_media":0,"comment_status":"open","ping_status":"open","sticky":false,"template":"","format":"standard","meta":{"_relevanssi_hide_post":"","_relevanssi_hide_content":"","_relevanssi_pin_for_all":"","_relevanssi_pin_keywords":"","_relevanssi_unpin_keywords":"","_relevanssi_related_keywords":"","_relevanssi_related_include_ids":"","_relevanssi_related_exclude_ids":"","_relevanssi_related_no_append":"","_relevanssi_related_not_related":"","_relevanssi_related_posts":"","_relevanssi_noindex_reason":"","rs_blank_template":"","rs_page_bg_color":"","slide_template_v7":"","_genesis_hide_title":false,"_genesis_hide_breadcrumbs":false,"_genesis_hide_singular_image":false,"_genesis_hide_footer_widgets":false,"_genesis_custom_body_class":"","_genesis_custom_post_class":"","_genesis_layout":"","footnotes":""},"categories":[1055,1207],"tags":[],"class_list":{"0":"post-53649","1":"post","2":"type-post","3":"status-publish","4":"format-standard","6":"category-exposition-tours-ru","7":"category-sur-la-toile-ru","8":"entry"},"yoast_head":"<!-- This site is optimized with the Yoast SEO Premium plugin v27.4 (Yoast SEO v27.4) - https:\/\/yoast.com\/product\/yoast-seo-premium-wordpress\/ -->\n<title>Alexandra Exter-Ausstellung in Frankreich beschlagnahmt - Association Alexandra Exter<\/title>\n<meta name=\"robots\" content=\"index, follow, max-snippet:-1, max-image-preview:large, max-video-preview:-1\" \/>\n<link rel=\"canonical\" href=\"https:\/\/alexandra-exter.net\/ru\/alexandra-exter-ausstellung-in-frankreich-beschlagnahmt\/\" \/>\n<meta property=\"og:locale\" content=\"ru_RU\" \/>\n<meta property=\"og:type\" content=\"article\" \/>\n<meta property=\"og:title\" content=\"Alexandra Exter-Ausstellung in Frankreich beschlagnahmt\" \/>\n<meta property=\"og:description\" content=\"Les faux sont si r\u00e9pandus qu&#8217;il devient difficile pour des non-sp\u00e9cialistes de discerner le style original de l&#8217;artiste.La preuve en est ce faux Exter qui illustre un article paru sur www.artnet.dePrix estim\u00e9&nbsp;: 120&nbsp;000 \u00e0 140&nbsp;000&nbsp;\u20ac EXPERTEN UNTER SCHMUDDELVERDACHTSTEFAN KOBEL 9. Mai 2009 F\u00e4lschungsverd\u00e4chtige Gem\u00e4lde der russischen Avantgarde machen nicht nur den Kunstmarkt unsicher. Je enger [&hellip;]\" \/>\n<meta property=\"og:url\" content=\"https:\/\/alexandra-exter.net\/ru\/alexandra-exter-ausstellung-in-frankreich-beschlagnahmt\/\" \/>\n<meta property=\"og:site_name\" content=\"Association Alexandra Exter\" \/>\n<meta property=\"article:published_time\" content=\"2009-05-09T18:11:37+00:00\" \/>\n<meta property=\"article:modified_time\" content=\"2020-03-15T20:58:22+00:00\" \/>\n<meta property=\"og:image\" content=\"https:\/\/alexandra-exter.net\/wp-content\/uploads\/sites\/2\/2009\/06\/kobel.jpg\" \/>\n<meta name=\"author\" content=\"Andr\u00e9\u00ef Nakov\" \/>\n<meta name=\"twitter:card\" content=\"summary_large_image\" \/>\n<meta name=\"twitter:label1\" content=\"\u041d\u0430\u043f\u0438\u0441\u0430\u043d\u043e \u0430\u0432\u0442\u043e\u0440\u043e\u043c\" \/>\n\t<meta name=\"twitter:data1\" content=\"Andr\u00e9\u00ef Nakov\" \/>\n\t<meta name=\"twitter:label2\" content=\"\u041f\u0440\u0438\u043c\u0435\u0440\u043d\u043e\u0435 \u0432\u0440\u0435\u043c\u044f \u0434\u043b\u044f \u0447\u0442\u0435\u043d\u0438\u044f\" \/>\n\t<meta name=\"twitter:data2\" content=\"4 \u043c\u0438\u043d\u0443\u0442\u044b\" \/>\n<script type=\"application\/ld+json\" class=\"yoast-schema-graph\">{\"@context\":\"https:\\\/\\\/schema.org\",\"@graph\":[{\"@type\":\"Article\",\"@id\":\"https:\\\/\\\/alexandra-exter.net\\\/ru\\\/alexandra-exter-ausstellung-in-frankreich-beschlagnahmt\\\/#article\",\"isPartOf\":{\"@id\":\"https:\\\/\\\/alexandra-exter.net\\\/ru\\\/alexandra-exter-ausstellung-in-frankreich-beschlagnahmt\\\/\"},\"author\":{\"name\":\"Andr\u00e9\u00ef Nakov\",\"@id\":\"https:\\\/\\\/alexandra-exter.net\\\/ru\\\/#\\\/schema\\\/person\\\/2c172e120c69071c1df1ed2deba9f7ae\"},\"headline\":\"Alexandra Exter-Ausstellung in Frankreich beschlagnahmt\",\"datePublished\":\"2009-05-09T18:11:37+00:00\",\"dateModified\":\"2020-03-15T20:58:22+00:00\",\"mainEntityOfPage\":{\"@id\":\"https:\\\/\\\/alexandra-exter.net\\\/ru\\\/alexandra-exter-ausstellung-in-frankreich-beschlagnahmt\\\/\"},\"wordCount\":771,\"commentCount\":0,\"image\":{\"@id\":\"https:\\\/\\\/alexandra-exter.net\\\/ru\\\/alexandra-exter-ausstellung-in-frankreich-beschlagnahmt\\\/#primaryimage\"},\"thumbnailUrl\":\"https:\\\/\\\/alexandra-exter.net\\\/wp-content\\\/uploads\\\/sites\\\/2\\\/2009\\\/06\\\/kobel.jpg\",\"articleSection\":[\"Exposition Tours\",\"Sur la toile\"],\"inLanguage\":\"ru-RU\",\"potentialAction\":[{\"@type\":\"CommentAction\",\"name\":\"Comment\",\"target\":[\"https:\\\/\\\/alexandra-exter.net\\\/ru\\\/alexandra-exter-ausstellung-in-frankreich-beschlagnahmt\\\/#respond\"]}]},{\"@type\":\"WebPage\",\"@id\":\"https:\\\/\\\/alexandra-exter.net\\\/ru\\\/alexandra-exter-ausstellung-in-frankreich-beschlagnahmt\\\/\",\"url\":\"https:\\\/\\\/alexandra-exter.net\\\/ru\\\/alexandra-exter-ausstellung-in-frankreich-beschlagnahmt\\\/\",\"name\":\"Alexandra Exter-Ausstellung in Frankreich beschlagnahmt - Association Alexandra Exter\",\"isPartOf\":{\"@id\":\"https:\\\/\\\/alexandra-exter.net\\\/ru\\\/#website\"},\"primaryImageOfPage\":{\"@id\":\"https:\\\/\\\/alexandra-exter.net\\\/ru\\\/alexandra-exter-ausstellung-in-frankreich-beschlagnahmt\\\/#primaryimage\"},\"image\":{\"@id\":\"https:\\\/\\\/alexandra-exter.net\\\/ru\\\/alexandra-exter-ausstellung-in-frankreich-beschlagnahmt\\\/#primaryimage\"},\"thumbnailUrl\":\"https:\\\/\\\/alexandra-exter.net\\\/wp-content\\\/uploads\\\/sites\\\/2\\\/2009\\\/06\\\/kobel.jpg\",\"datePublished\":\"2009-05-09T18:11:37+00:00\",\"dateModified\":\"2020-03-15T20:58:22+00:00\",\"author\":{\"@id\":\"https:\\\/\\\/alexandra-exter.net\\\/ru\\\/#\\\/schema\\\/person\\\/2c172e120c69071c1df1ed2deba9f7ae\"},\"breadcrumb\":{\"@id\":\"https:\\\/\\\/alexandra-exter.net\\\/ru\\\/alexandra-exter-ausstellung-in-frankreich-beschlagnahmt\\\/#breadcrumb\"},\"inLanguage\":\"ru-RU\",\"potentialAction\":[{\"@type\":\"ReadAction\",\"target\":[\"https:\\\/\\\/alexandra-exter.net\\\/ru\\\/alexandra-exter-ausstellung-in-frankreich-beschlagnahmt\\\/\"]}]},{\"@type\":\"ImageObject\",\"inLanguage\":\"ru-RU\",\"@id\":\"https:\\\/\\\/alexandra-exter.net\\\/ru\\\/alexandra-exter-ausstellung-in-frankreich-beschlagnahmt\\\/#primaryimage\",\"url\":\"https:\\\/\\\/alexandra-exter.net\\\/wp-content\\\/uploads\\\/sites\\\/2\\\/2009\\\/06\\\/kobel.jpg\",\"contentUrl\":\"https:\\\/\\\/alexandra-exter.net\\\/wp-content\\\/uploads\\\/sites\\\/2\\\/2009\\\/06\\\/kobel.jpg\"},{\"@type\":\"BreadcrumbList\",\"@id\":\"https:\\\/\\\/alexandra-exter.net\\\/ru\\\/alexandra-exter-ausstellung-in-frankreich-beschlagnahmt\\\/#breadcrumb\",\"itemListElement\":[{\"@type\":\"ListItem\",\"position\":1,\"name\":\"Accueil\",\"item\":\"https:\\\/\\\/alexandra-exter.net\\\/ru\\\/\"},{\"@type\":\"ListItem\",\"position\":2,\"name\":\"Alexandra Exter-Ausstellung in Frankreich beschlagnahmt\"}]},{\"@type\":\"WebSite\",\"@id\":\"https:\\\/\\\/alexandra-exter.net\\\/ru\\\/#website\",\"url\":\"https:\\\/\\\/alexandra-exter.net\\\/ru\\\/\",\"name\":\"Association Alexandra Exter\",\"description\":\"\",\"potentialAction\":[{\"@type\":\"SearchAction\",\"target\":{\"@type\":\"EntryPoint\",\"urlTemplate\":\"https:\\\/\\\/alexandra-exter.net\\\/ru\\\/?s={search_term_string}\"},\"query-input\":{\"@type\":\"PropertyValueSpecification\",\"valueRequired\":true,\"valueName\":\"search_term_string\"}}],\"inLanguage\":\"ru-RU\"},{\"@type\":\"Person\",\"@id\":\"https:\\\/\\\/alexandra-exter.net\\\/ru\\\/#\\\/schema\\\/person\\\/2c172e120c69071c1df1ed2deba9f7ae\",\"name\":\"Andr\u00e9\u00ef Nakov\",\"image\":{\"@type\":\"ImageObject\",\"inLanguage\":\"ru-RU\",\"@id\":\"https:\\\/\\\/secure.gravatar.com\\\/avatar\\\/3725d518c993a58e3a2c83f34c08435e057c94e8cf44f97936eddfc6bc89eff0?s=96&d=blank&r=g\",\"url\":\"https:\\\/\\\/secure.gravatar.com\\\/avatar\\\/3725d518c993a58e3a2c83f34c08435e057c94e8cf44f97936eddfc6bc89eff0?s=96&d=blank&r=g\",\"contentUrl\":\"https:\\\/\\\/secure.gravatar.com\\\/avatar\\\/3725d518c993a58e3a2c83f34c08435e057c94e8cf44f97936eddfc6bc89eff0?s=96&d=blank&r=g\",\"caption\":\"Andr\u00e9\u00ef Nakov\"},\"sameAs\":[\"https:\\\/\\\/fr.wikipedia.org\\\/wiki\\\/Andr\u00e9i_Nakov\"],\"url\":\"https:\\\/\\\/alexandra-exter.net\\\/ru\\\/author\\\/nakov\\\/\"}]}<\/script>\n<!-- \/ Yoast SEO Premium plugin. -->","yoast_head_json":{"title":"Alexandra Exter-Ausstellung in Frankreich beschlagnahmt - Association Alexandra Exter","robots":{"index":"index","follow":"follow","max-snippet":"max-snippet:-1","max-image-preview":"max-image-preview:large","max-video-preview":"max-video-preview:-1"},"canonical":"https:\/\/alexandra-exter.net\/ru\/alexandra-exter-ausstellung-in-frankreich-beschlagnahmt\/","og_locale":"ru_RU","og_type":"article","og_title":"Alexandra Exter-Ausstellung in Frankreich beschlagnahmt","og_description":"Les faux sont si r\u00e9pandus qu&#8217;il devient difficile pour des non-sp\u00e9cialistes de discerner le style original de l&#8217;artiste.La preuve en est ce faux Exter qui illustre un article paru sur www.artnet.dePrix estim\u00e9&nbsp;: 120&nbsp;000 \u00e0 140&nbsp;000&nbsp;\u20ac EXPERTEN UNTER SCHMUDDELVERDACHTSTEFAN KOBEL 9. Mai 2009 F\u00e4lschungsverd\u00e4chtige Gem\u00e4lde der russischen Avantgarde machen nicht nur den Kunstmarkt unsicher. Je enger [&hellip;]","og_url":"https:\/\/alexandra-exter.net\/ru\/alexandra-exter-ausstellung-in-frankreich-beschlagnahmt\/","og_site_name":"Association Alexandra Exter","article_published_time":"2009-05-09T18:11:37+00:00","article_modified_time":"2020-03-15T20:58:22+00:00","og_image":[{"url":"https:\/\/alexandra-exter.net\/wp-content\/uploads\/sites\/2\/2009\/06\/kobel.jpg","type":"","width":"","height":""}],"author":"Andr\u00e9\u00ef Nakov","twitter_card":"summary_large_image","twitter_misc":{"\u041d\u0430\u043f\u0438\u0441\u0430\u043d\u043e \u0430\u0432\u0442\u043e\u0440\u043e\u043c":"Andr\u00e9\u00ef Nakov","\u041f\u0440\u0438\u043c\u0435\u0440\u043d\u043e\u0435 \u0432\u0440\u0435\u043c\u044f \u0434\u043b\u044f \u0447\u0442\u0435\u043d\u0438\u044f":"4 \u043c\u0438\u043d\u0443\u0442\u044b"},"schema":{"@context":"https:\/\/schema.org","@graph":[{"@type":"Article","@id":"https:\/\/alexandra-exter.net\/ru\/alexandra-exter-ausstellung-in-frankreich-beschlagnahmt\/#article","isPartOf":{"@id":"https:\/\/alexandra-exter.net\/ru\/alexandra-exter-ausstellung-in-frankreich-beschlagnahmt\/"},"author":{"name":"Andr\u00e9\u00ef Nakov","@id":"https:\/\/alexandra-exter.net\/ru\/#\/schema\/person\/2c172e120c69071c1df1ed2deba9f7ae"},"headline":"Alexandra Exter-Ausstellung in Frankreich beschlagnahmt","datePublished":"2009-05-09T18:11:37+00:00","dateModified":"2020-03-15T20:58:22+00:00","mainEntityOfPage":{"@id":"https:\/\/alexandra-exter.net\/ru\/alexandra-exter-ausstellung-in-frankreich-beschlagnahmt\/"},"wordCount":771,"commentCount":0,"image":{"@id":"https:\/\/alexandra-exter.net\/ru\/alexandra-exter-ausstellung-in-frankreich-beschlagnahmt\/#primaryimage"},"thumbnailUrl":"https:\/\/alexandra-exter.net\/wp-content\/uploads\/sites\/2\/2009\/06\/kobel.jpg","articleSection":["Exposition Tours","Sur la toile"],"inLanguage":"ru-RU","potentialAction":[{"@type":"CommentAction","name":"Comment","target":["https:\/\/alexandra-exter.net\/ru\/alexandra-exter-ausstellung-in-frankreich-beschlagnahmt\/#respond"]}]},{"@type":"WebPage","@id":"https:\/\/alexandra-exter.net\/ru\/alexandra-exter-ausstellung-in-frankreich-beschlagnahmt\/","url":"https:\/\/alexandra-exter.net\/ru\/alexandra-exter-ausstellung-in-frankreich-beschlagnahmt\/","name":"Alexandra Exter-Ausstellung in Frankreich beschlagnahmt - Association Alexandra Exter","isPartOf":{"@id":"https:\/\/alexandra-exter.net\/ru\/#website"},"primaryImageOfPage":{"@id":"https:\/\/alexandra-exter.net\/ru\/alexandra-exter-ausstellung-in-frankreich-beschlagnahmt\/#primaryimage"},"image":{"@id":"https:\/\/alexandra-exter.net\/ru\/alexandra-exter-ausstellung-in-frankreich-beschlagnahmt\/#primaryimage"},"thumbnailUrl":"https:\/\/alexandra-exter.net\/wp-content\/uploads\/sites\/2\/2009\/06\/kobel.jpg","datePublished":"2009-05-09T18:11:37+00:00","dateModified":"2020-03-15T20:58:22+00:00","author":{"@id":"https:\/\/alexandra-exter.net\/ru\/#\/schema\/person\/2c172e120c69071c1df1ed2deba9f7ae"},"breadcrumb":{"@id":"https:\/\/alexandra-exter.net\/ru\/alexandra-exter-ausstellung-in-frankreich-beschlagnahmt\/#breadcrumb"},"inLanguage":"ru-RU","potentialAction":[{"@type":"ReadAction","target":["https:\/\/alexandra-exter.net\/ru\/alexandra-exter-ausstellung-in-frankreich-beschlagnahmt\/"]}]},{"@type":"ImageObject","inLanguage":"ru-RU","@id":"https:\/\/alexandra-exter.net\/ru\/alexandra-exter-ausstellung-in-frankreich-beschlagnahmt\/#primaryimage","url":"https:\/\/alexandra-exter.net\/wp-content\/uploads\/sites\/2\/2009\/06\/kobel.jpg","contentUrl":"https:\/\/alexandra-exter.net\/wp-content\/uploads\/sites\/2\/2009\/06\/kobel.jpg"},{"@type":"BreadcrumbList","@id":"https:\/\/alexandra-exter.net\/ru\/alexandra-exter-ausstellung-in-frankreich-beschlagnahmt\/#breadcrumb","itemListElement":[{"@type":"ListItem","position":1,"name":"Accueil","item":"https:\/\/alexandra-exter.net\/ru\/"},{"@type":"ListItem","position":2,"name":"Alexandra Exter-Ausstellung in Frankreich beschlagnahmt"}]},{"@type":"WebSite","@id":"https:\/\/alexandra-exter.net\/ru\/#website","url":"https:\/\/alexandra-exter.net\/ru\/","name":"Association Alexandra Exter","description":"","potentialAction":[{"@type":"SearchAction","target":{"@type":"EntryPoint","urlTemplate":"https:\/\/alexandra-exter.net\/ru\/?s={search_term_string}"},"query-input":{"@type":"PropertyValueSpecification","valueRequired":true,"valueName":"search_term_string"}}],"inLanguage":"ru-RU"},{"@type":"Person","@id":"https:\/\/alexandra-exter.net\/ru\/#\/schema\/person\/2c172e120c69071c1df1ed2deba9f7ae","name":"Andr\u00e9\u00ef Nakov","image":{"@type":"ImageObject","inLanguage":"ru-RU","@id":"https:\/\/secure.gravatar.com\/avatar\/3725d518c993a58e3a2c83f34c08435e057c94e8cf44f97936eddfc6bc89eff0?s=96&d=blank&r=g","url":"https:\/\/secure.gravatar.com\/avatar\/3725d518c993a58e3a2c83f34c08435e057c94e8cf44f97936eddfc6bc89eff0?s=96&d=blank&r=g","contentUrl":"https:\/\/secure.gravatar.com\/avatar\/3725d518c993a58e3a2c83f34c08435e057c94e8cf44f97936eddfc6bc89eff0?s=96&d=blank&r=g","caption":"Andr\u00e9\u00ef Nakov"},"sameAs":["https:\/\/fr.wikipedia.org\/wiki\/Andr\u00e9i_Nakov"],"url":"https:\/\/alexandra-exter.net\/ru\/author\/nakov\/"}]}},"_links":{"self":[{"href":"https:\/\/alexandra-exter.net\/ru\/wp-json\/wp\/v2\/posts\/53649","targetHints":{"allow":["GET"]}}],"collection":[{"href":"https:\/\/alexandra-exter.net\/ru\/wp-json\/wp\/v2\/posts"}],"about":[{"href":"https:\/\/alexandra-exter.net\/ru\/wp-json\/wp\/v2\/types\/post"}],"author":[{"embeddable":true,"href":"https:\/\/alexandra-exter.net\/ru\/wp-json\/wp\/v2\/users\/2"}],"replies":[{"embeddable":true,"href":"https:\/\/alexandra-exter.net\/ru\/wp-json\/wp\/v2\/comments?post=53649"}],"version-history":[{"count":0,"href":"https:\/\/alexandra-exter.net\/ru\/wp-json\/wp\/v2\/posts\/53649\/revisions"}],"wp:attachment":[{"href":"https:\/\/alexandra-exter.net\/ru\/wp-json\/wp\/v2\/media?parent=53649"}],"wp:term":[{"taxonomy":"category","embeddable":true,"href":"https:\/\/alexandra-exter.net\/ru\/wp-json\/wp\/v2\/categories?post=53649"},{"taxonomy":"post_tag","embeddable":true,"href":"https:\/\/alexandra-exter.net\/ru\/wp-json\/wp\/v2\/tags?post=53649"}],"curies":[{"name":"wp","href":"https:\/\/api.w.org\/{rel}","templated":true}]}}